{"id":5007077,"date":"2025-09-18T14:15:47","date_gmt":"2025-09-18T12:15:47","guid":{"rendered":"https:\/\/lotsdenadal.cat\/?p=5007077"},"modified":"2025-09-18T14:17:41","modified_gmt":"2025-09-18T12:17:41","slug":"ano-internacional-de-las-cooperativas","status":"publish","type":"post","link":"https:\/\/lotsdenadal.cat\/es\/ano-internacional-de-las-cooperativas\/","title":{"rendered":"El valor de las Cooperativas: un siglo de historia"},"content":{"rendered":"\n<h1><strong>Un homenaje para conmemorar el A\u00f1o Internacional de las Cooperativas<\/strong><\/h1>\n<p>Cada a\u00f1o seleccionamos con cuidado la fotograf\u00eda que ilustra la portada de nuestro cat\u00e1logo de Lotes de Navidad. Asimismo nos aseguramos de que conecte con el contexto hist\u00f3rico y social que nos inspira. Buscamos una imagen que refleje tanto las vivencias vividas durante el a\u00f1o como los valores fundamentales que definen Harcogourmet. Y, en consecuencia, este 2025, es una fecha especialmente relevante: celebramos el <strong>A\u00f1o Internacional de las Cooperativas<\/strong>. Una efem\u00e9ride que pone en valor el papel fundamental del cooperativismo en la construcci\u00f3n de un tejido social y econ\u00f3mico m\u00e1s justo y solidario.<\/p>\n<p>Debido a este contexto, hemos elegido una fotograf\u00eda hist\u00f3rica cargada de significado y que este a\u00f1o cumple exactamente 100 a\u00f1os. Una imagen que recoge la llegada de cooperativistas a la granja de Cerdanyola, propiedad de la cooperativa <a href=\"https:\/\/laflordemaig.cat\/historia\/\" target=\"_blank\" rel=\"noopener\"><strong>La Flor de Maig<\/strong><\/a>,\u00a0con motivo de la <strong>III Jornada Internacional de la Cooperaci\u00f3n de 1925<\/strong>. Este documento gr\u00e1fico no es solo un testimonio visual de una jornada memorable, sino que tambi\u00e9n es una expresi\u00f3n contundente de los valores que han definido, y contin\u00faan definiendo, el cooperativismo.<\/p>\n<div class=\"row\"  id=\"row-698018811\">\n\n\n\t<div id=\"col-1575002953\" class=\"col medium-1 small-12 large-1\"  >\n\t\t\t\t<div class=\"col-inner\"  >\n\t\t\t\n\t\t\t\n\n\n\t\t<\/div>\n\t\t\t\t\t<\/div>\n\n\t\n\n\t<div id=\"col-1654365664\" class=\"col medium-10 small-12 large-10\"  >\n\t\t\t\t<div class=\"col-inner text-center\"  >\n\t\t\t\n\t\t\t\n\n\t<div class=\"img has-hover x md-x lg-x y md-y lg-y\" id=\"image_1638410932\">\n\t\t\t\t\t\t\t\t<div class=\"img-inner dark\" >\n\t\t\t<img loading=\"lazy\" decoding=\"async\" width=\"1020\" height=\"705\" src=\"https:\/\/lotsdenadal.cat\/wp-content\/uploads\/2025\/08\/Portada-cataleg-2025-b-1158x800.jpg\" class=\"attachment-large size-large\" alt=\"A\u00f1o internacional de las Cooperativas, Cooperativas\" srcset=\"https:\/\/lotsdenadal.cat\/wp-content\/uploads\/2025\/08\/Portada-cataleg-2025-b-1158x800.jpg 1158w, https:\/\/lotsdenadal.cat\/wp-content\/uploads\/2025\/08\/Portada-cataleg-2025-b-579x400.jpg 579w, https:\/\/lotsdenadal.cat\/wp-content\/uploads\/2025\/08\/Portada-cataleg-2025-b-768x530.jpg 768w, https:\/\/lotsdenadal.cat\/wp-content\/uploads\/2025\/08\/Portada-cataleg-2025-b-1536x1061.jpg 1536w, https:\/\/lotsdenadal.cat\/wp-content\/uploads\/2025\/08\/Portada-cataleg-2025-b-2048x1415.jpg 2048w, https:\/\/lotsdenadal.cat\/wp-content\/uploads\/2025\/08\/Portada-cataleg-2025-b-1040x718.jpg 1040w\" sizes=\"auto, (max-width: 1020px) 100vw, 1020px\" \/>\t\t\t\t\t\t\n\t\t\t\t\t<\/div>\n\t\t\t\t\t\t\t\t\n<style>\n#image_1638410932 {\n  width: 55%;\n}\n<\/style>\n\t<\/div>\n\t\n\n<p><em><span style=\"font-size: 75%;\">Convoy masivo con motivo de la III Jornada Internacional de la Cooperaci\u00f3n de 1925<\/span><\/em><\/p>\n<p><span style=\"font-size: 75%;\"><em>Fuente: Institut d&#8217;Estudis Fotogr\u00e0fics de Catalunya<\/em><\/span><\/p>\n\n\t\t<\/div>\n\t\t\t\t\t<\/div>\n\n\t\n\n\t<div id=\"col-826879506\" class=\"col medium-1 small-12 large-1\"  >\n\t\t\t\t<div class=\"col-inner\"  >\n\t\t\t\n\t\t\t\n\n\n\t\t<\/div>\n\t\t\t\t\t<\/div>\n\n\t\n\n<\/div>\n<h2><strong>El contexto hist\u00f3rico de la imagen<\/strong><\/h2>\n<p data-start=\"40\" data-end=\"563\">La fotograf\u00eda que este a\u00f1o ilustra nuestro cat\u00e1logo de Lotes de Navidad fue tomada en <strong>1925<\/strong>, durante una de las convocatorias de cooperativas m\u00e1s significativas de la \u00e9poca: la <strong>III Jornada Internacional de la Cooperaci\u00f3n<\/strong>. En ella se puede observar la llegada de un convoy masivo de personas que se desplazaron para celebrar y reivindicar los ideales del movimiento cooperativo. Manifiestan la fuerza de una red que buscaba mejorar las condiciones sociales y econ\u00f3micas a trav\u00e9s de la solidaridad y la acci\u00f3n conjunta.<\/p>\n<p data-start=\"565\" data-end=\"971\" data-is-last-node=\"\" data-is-only-node=\"\">El primer veh\u00edculo del convoy lleva una pancarta identificativa de La Flor de Maig, cooperativa fundada en 1890 en el barrio de Poblenou en Barcelona, una de las m\u00e1s influyentes de Catalunya. Inicialmente, se dedic\u00f3 a la venta de productos de primera necesidad, pero con el tiempo se expandi\u00f3 a otras \u00e1reas como la producci\u00f3n. En consecuencia lleg\u00f3 a tener diversas sucursales y una granja en Cerdanyola.<\/p>\n<p>\u00a0<\/p>\n<div class=\"row\"  id=\"row-1460698412\">\n\n\n\t<div id=\"col-709603144\" class=\"col medium-7 small-12 large-7\"  >\n\t\t\t\t<div class=\"col-inner\"  >\n\t\t\t\n\t\t\t\n\n<p>Adem\u00e1s esta entidad fue tambi\u00e9n pionera en otros aspectos sociales, como lo demuestra el hecho de que, en el a\u00f1o 1929, se convirti\u00f3 en la primera cooperativa en <strong>abrir la participaci\u00f3n a socias femeninas<\/strong>, reafirmando as\u00ed su compromiso con la igualdad y la inclusi\u00f3n.<\/p>\n\n\t\t<\/div>\n\t\t\t\t\t<\/div>\n\n\t\n\n\t<div id=\"col-1965222507\" class=\"col medium-1 small-12 large-1\"  >\n\t\t\t\t<div class=\"col-inner\"  >\n\t\t\t\n\t\t\t\n\n\n\t\t<\/div>\n\t\t\t\t\t<\/div>\n\n\t\n\n\t<div id=\"col-558011049\" class=\"col medium-4 small-12 large-4\"  >\n\t\t\t\t<div class=\"col-inner\"  >\n\t\t\t\n\t\t\t\n\n\t<div class=\"img has-hover x md-x lg-x y md-y lg-y\" id=\"image_1516342085\">\n\t\t\t\t\t\t\t\t<div class=\"img-inner dark\" >\n\t\t\t<img loading=\"lazy\" decoding=\"async\" width=\"1020\" height=\"652\" src=\"https:\/\/lotsdenadal.cat\/wp-content\/uploads\/2025\/08\/Grup-de-dones-de-la-Cooperativa-La-Flors-de-Maig-b-1252x800.jpg\" class=\"attachment-large size-large\" alt=\"Grupo de mujeres de la Cooperativa La Flors de Maig, Cooperativas\" srcset=\"https:\/\/lotsdenadal.cat\/wp-content\/uploads\/2025\/08\/Grup-de-dones-de-la-Cooperativa-La-Flors-de-Maig-b-1252x800.jpg 1252w, https:\/\/lotsdenadal.cat\/wp-content\/uploads\/2025\/08\/Grup-de-dones-de-la-Cooperativa-La-Flors-de-Maig-b-626x400.jpg 626w, https:\/\/lotsdenadal.cat\/wp-content\/uploads\/2025\/08\/Grup-de-dones-de-la-Cooperativa-La-Flors-de-Maig-b-768x491.jpg 768w, https:\/\/lotsdenadal.cat\/wp-content\/uploads\/2025\/08\/Grup-de-dones-de-la-Cooperativa-La-Flors-de-Maig-b-1536x982.jpg 1536w, https:\/\/lotsdenadal.cat\/wp-content\/uploads\/2025\/08\/Grup-de-dones-de-la-Cooperativa-La-Flors-de-Maig-b-1040x665.jpg 1040w, https:\/\/lotsdenadal.cat\/wp-content\/uploads\/2025\/08\/Grup-de-dones-de-la-Cooperativa-La-Flors-de-Maig-b.jpg 1638w\" sizes=\"auto, (max-width: 1020px) 100vw, 1020px\" \/>\t\t\t\t\t\t\n\t\t\t\t\t<\/div>\n\t\t\t\t\t\t\t\t\n<style>\n#image_1516342085 {\n  width: 100%;\n}\n<\/style>\n\t<\/div>\n\t\n\n<p style=\"text-align: right;\"><em><span style=\"font-size: 75%;\">Grupo de mujeres de la Cooperativa La Flor de Maig<\/span><\/em><\/p>\n<p style=\"text-align: right;\"><em><span style=\"font-size: 75%;\">Fuente: Museu d&#8217;Hist\u00f2ria de Catalunya<\/span><\/em><\/p>\n\n\t\t<\/div>\n\t\t\t\t\t<\/div>\n\n\t\n\n<\/div>\n<h2><strong>Un s\u00edmbolo para el A\u00f1o Internacional de las Cooperativas<\/strong><\/h2>\n<div class=\"row\"  id=\"row-795805332\">\n\n\n\t<div id=\"col-1454535616\" class=\"col medium-3 small-12 large-3\"  >\n\t\t\t\t<div class=\"col-inner\"  >\n\t\t\t\n\t\t\t\n\n\t<div class=\"img has-hover x md-x lg-x y md-y lg-y\" id=\"image_730770418\">\n\t\t\t\t\t\t\t\t<div class=\"img-inner dark\" >\n\t\t\t<img loading=\"lazy\" decoding=\"async\" width=\"498\" height=\"800\" src=\"https:\/\/lotsdenadal.cat\/wp-content\/uploads\/2025\/08\/Edifici-seu-de-la-Cooperativa-La-Flor-de-Maig-Barcelona-b-498x800.jpg\" class=\"attachment-large size-large\" alt=\"Edificio sede de la Cooperativa La Flor de Maig, Barcelona, Cooperativas, A\u00f1o internacional de las Cooperativas\" srcset=\"https:\/\/lotsdenadal.cat\/wp-content\/uploads\/2025\/08\/Edifici-seu-de-la-Cooperativa-La-Flor-de-Maig-Barcelona-b-498x800.jpg 498w, https:\/\/lotsdenadal.cat\/wp-content\/uploads\/2025\/08\/Edifici-seu-de-la-Cooperativa-La-Flor-de-Maig-Barcelona-b-249x400.jpg 249w, https:\/\/lotsdenadal.cat\/wp-content\/uploads\/2025\/08\/Edifici-seu-de-la-Cooperativa-La-Flor-de-Maig-Barcelona-b.jpg 742w\" sizes=\"auto, (max-width: 498px) 100vw, 498px\" \/>\t\t\t\t\t\t\n\t\t\t\t\t<\/div>\n\t\t\t\t\t\t\t\t\n<style>\n#image_730770418 {\n  width: 97%;\n}\n<\/style>\n\t<\/div>\n\t\n\n<p><em><span style=\"font-size: 75%;\">Recaderos con carro y caballo en el pasaje Bori, frente al almac\u00e9n de la sede principal de la sociedad cooperativa obrera de ahorro y consumo La Flor de Maig<\/span><\/em><\/p>\n<p><em><span style=\"font-size: 75%;\">Fuente: Arxiu Hist\u00f2ric del Poblenou<\/span><\/em><\/p>\n\n\t\t<\/div>\n\t\t\t\t\t<\/div>\n\n\t\n\n\t<div id=\"col-17818608\" class=\"col medium-1 small-12 large-1\"  >\n\t\t\t\t<div class=\"col-inner\"  >\n\t\t\t\n\t\t\t\n\n\n\t\t<\/div>\n\t\t\t\t\t<\/div>\n\n\t\n\n\t<div id=\"col-1202263338\" class=\"col medium-8 small-12 large-8\"  >\n\t\t\t\t<div class=\"col-inner\"  >\n\t\t\t\n\t\t\t\n\n<p>\u00a0<\/p>\n<p>Con motivo del <strong>A\u00f1o Internacional de las Cooperativas<\/strong>, nos parec\u00eda oportuno recuperar y poner en valor esta imagen. No solo por su fuerza est\u00e9tica y emotiva, sino porque transmite los principios fundacionales del <a href=\"https:\/\/es.wikipedia.org\/wiki\/Movimiento_cooperativo\" target=\"_blank\" rel=\"noopener\">cooperativismo<\/a>: <strong>fortalecer el desarrollo local y mejorar la rentabilidad y el compromiso con la comunidad.<\/strong><\/p>\n<p data-start=\"40\" data-end=\"335\">En un contexto global marcado por la necesidad de nuevos modelos de producci\u00f3n y consumo sostenibles, el cooperativismo se presenta como una opci\u00f3n s\u00f3lida y arraigada al territorio. Las cooperativas son capaces de dar respuesta a desaf\u00edos econ\u00f3micos y sociales desde una visi\u00f3n compartida.<\/p>\n<p data-start=\"337\" data-end=\"660\" data-is-last-node=\"\" data-is-only-node=\"\">La fotograf\u00eda, adem\u00e1s de su centenario a la espalda, es tambi\u00e9n un llamado a la memoria colectiva y a la continuidad de los valores cooperativos. Nos recuerda que, hace un siglo, ya hab\u00eda personas dispuestas a organizarse, sumar esfuerzos y construir comunidad. Y que hoy, m\u00e1s que nunca, este esp\u00edritu sigue siendo necesario.<\/p>\n<p>\u00a0<\/p>\n\n\t\t<\/div>\n\t\t\t\t\t<\/div>\n\n\t\n\n<\/div>\n<h2><strong>Un siglo despu\u00e9s: mensaje de futuro<\/strong><\/h2>\n<p>Hay im\u00e1genes que hablan m\u00e1s del futuro que del pasado. La del convoy cooperativo de 1925 es una de ellas. Un testimonio que nos recuerda que las grandes transformaciones comienzan a menudo con gestos colectivos: sumar, compartir y avanzar juntos. Cien a\u00f1os despu\u00e9s, aquel esp\u00edritu sigue vivo y vigente. En un mundo cambiante, complejo y exigente,<strong> las cooperativas vuelven a situarse como una respuesta empresarial con valores. <\/strong>Es decir, ponen a la persona en el centro, fomentan el arraigo al territorio y promueven una econom\u00eda m\u00e1s equitativa y sostenible.<\/p>\n<p>As\u00ed que, desde Harcogourmet, nos sumamos a esta conmemoraci\u00f3n con orgullo. Lo hacemos con una imagen que habla de perseverancia, de comunidad y de compromiso. Porque celebrar la Navidad tambi\u00e9n puede ser una forma de recordar de d\u00f3nde venimos e imaginar juntos hacia d\u00f3nde queremos ir.<\/p>\n<div class=\"row\"  id=\"row-1724236762\">\n\n\n\t<div id=\"col-533881254\" class=\"col medium-4 small-12 large-4\"  >\n\t\t\t\t<div class=\"col-inner text-center\"  >\n\t\t\t\n\t\t\t\n\n\n\t\t<\/div>\n\t\t\t\t\t<\/div>\n\n\t\n\n\t<div id=\"col-233841856\" class=\"col medium-4 small-12 large-4\"  >\n\t\t\t\t<div class=\"col-inner\"  >\n\t\t\t\n\t\t\t\n\n\t<div class=\"img has-hover x md-x lg-x y md-y lg-y\" id=\"image_576439111\">\n\t\t\t\t\t\t\t\t<div class=\"img-inner dark\" >\n\t\t\t<img loading=\"lazy\" decoding=\"async\" width=\"498\" height=\"800\" src=\"https:\/\/lotsdenadal.cat\/wp-content\/uploads\/2025\/08\/Edifici-seu-de-la-Cooperativa-La-Flor-de-Maig-Barcelona-b-498x800.jpg\" class=\"attachment-large size-large\" alt=\"Edificio sede de la Cooperativa La Flor de Maig, Barcelona, Cooperativas, A\u00f1o internacional de las Cooperativas\" srcset=\"https:\/\/lotsdenadal.cat\/wp-content\/uploads\/2025\/08\/Edifici-seu-de-la-Cooperativa-La-Flor-de-Maig-Barcelona-b-498x800.jpg 498w, https:\/\/lotsdenadal.cat\/wp-content\/uploads\/2025\/08\/Edifici-seu-de-la-Cooperativa-La-Flor-de-Maig-Barcelona-b-249x400.jpg 249w, https:\/\/lotsdenadal.cat\/wp-content\/uploads\/2025\/08\/Edifici-seu-de-la-Cooperativa-La-Flor-de-Maig-Barcelona-b.jpg 742w\" sizes=\"auto, (max-width: 498px) 100vw, 498px\" \/>\t\t\t\t\t\t\n\t\t\t\t\t<\/div>\n\t\t\t\t\t\t\t\t\n<style>\n#image_576439111 {\n  width: 63%;\n}\n<\/style>\n\t<\/div>\n\t\n\n<p style=\"text-align: left;\"><em><span style=\"font-size: 75%;\">Edificio sede de la Cooperativa La Flor de Maig, Barcelona<\/span><\/em><\/p>\n<p style=\"text-align: left;\"><em><span style=\"font-size: 75%;\">Fuente: <span class=\"detall-valor-metadada\">Arxiu Nacional de Catalunya<\/span><\/span><\/em><\/p>\n\n\t\t<\/div>\n\t\t\t\t\t<\/div>\n\n\t\n\n\t<div id=\"col-1961582541\" class=\"col medium-4 small-12 large-4\"  >\n\t\t\t\t<div class=\"col-inner\"  >\n\t\t\t\n\t\t\t\n\n\n\t\t<\/div>\n\t\t\t\t\t<\/div>\n\n\t\n\n<\/div>\n<h2><strong>Las Cooperativas y el v\u00ednculo con Harcogourmet<\/strong><\/h2>\n<p>Sin duda hace a\u00f1os que nuestro cat\u00e1logo incorpora productos de cooperativas, reforzando nuestro <a href=\"https:\/\/lotsdenadal.cat\/es\/alimentos-de-proximidad\/\" target=\"_blank\" rel=\"noopener\">comprom\u00edso<\/a> con la proximidad, la calidad y la econom\u00eda social.<\/p>\n<p>Como resultado, podr\u00e9is encontrar las legumbres de<a href=\"https:\/\/www.agrariavalles.coop\/\" target=\"_blank\" rel=\"noopener\"><strong> Agr\u00e0ria del Vall\u00e8s<\/strong><\/a>, con su jud\u00eda del ganxet y el garbanzo peque\u00f1o elaborados en su propia agrotienda. El aceite de oliva virgen extra bajo el sello <a href=\"https:\/\/terrafruits.coop\/es\/inicio\/\" target=\"_blank\" rel=\"noopener\"><strong>Terra Fruits<\/strong><\/a>, cooperativa integrada en la DOP\u202fSiurana. Para los amantes del vino, disponemos de los vinos <a href=\"https:\/\/cellermasroig.com\/es\/\" target=\"_blank\" rel=\"noopener\">del <strong>Celler Masroig<\/strong><\/a> i d\u2019<a href=\"https:\/\/empordalia.com\/es\/\" target=\"_blank\" rel=\"noopener\"><strong>Empord\u00e0lia<\/strong><\/a>, cooperativas destacadas por la elaboraci\u00f3n de vinos aut\u00f3ctonos de gran calidad. El Masroig con garnachas y cari\u00f1enas del Montsant y Empord\u00e0lia con un cat\u00e1logo robusto de vinos nacidos entre el viento de tramontana y la vi\u00f1a empordanesa.<\/p>\n<p data-start=\"284\" data-end=\"372\" data-is-last-node=\"\" data-is-only-node=\"\">Os invitamos a descubrirlos todos: productos que hablan de territorio y compromiso.<\/p>\n<div class=\"row\"  id=\"row-1312800854\">\n\n\n\t<div id=\"col-13633035\" class=\"col medium-4 small-12 large-4\"  >\n\t\t\t\t<div class=\"col-inner\"  >\n\t\t\t\n\t\t\t\n\n\n\t\t<\/div>\n\t\t\t\t\t<\/div>\n\n\t\n\n\t<div id=\"col-1165811594\" class=\"col medium-4 small-12 large-4\"  >\n\t\t\t\t<div class=\"col-inner text-center\"  >\n\t\t\t\n\t\t\t\n\n<a href=\"\/es\/elige-tu-lote-de-navidad\/\" target=\"_blank\" class=\"button primary\" rel=\"noopener\" >\n\t\t<span>ELIGE TU CESTA<\/span>\n\t<\/a>\n\n\n\n\t\t<\/div>\n\t\t\t\t\t<\/div>\n\n\t\n\n\t<div id=\"col-1197930811\" class=\"col medium-4 small-12 large-4\"  >\n\t\t\t\t<div class=\"col-inner\"  >\n\t\t\t\n\t\t\t\n\n\n\t\t<\/div>\n\t\t\t\t\t<\/div>\n\n\t\n\n<\/div>\n\n\n\n<p><\/p>\n","protected":false},"excerpt":{"rendered":"<p>Celebramos el A\u00f1o Internacional de las Cooperativas con una portada de cat\u00e1logo hist\u00f3rica.<\/p>\n","protected":false},"author":1,"featured_media":5007055,"comment_status":"open","ping_status":"open","sticky":false,"template":"","format":"standard","meta":{"_monsterinsights_skip_tracking":false,"_monsterinsights_sitenote_active":false,"_monsterinsights_sitenote_note":"","_monsterinsights_sitenote_category":0,"footnotes":""},"categories":[341,77],"tags":[74],"class_list":["post-5007077","post","type-post","status-publish","format-standard","has-post-thumbnail","hentry","category-lots-de-nadal-es","category-publicacions-es","tag-cataleg-es"],"yoast_head":"<!-- This site is optimized with the Yoast SEO Premium plugin v25.8 (Yoast SEO v25.8) - https:\/\/yoast.com\/wordpress\/plugins\/seo\/ -->\n<title>El valor de las Cooperativas: un siglo de historia | Lotes de Navidad<\/title>\n<meta name=\"description\" content=\"Celebramos el A\u00f1o Internacional de las Cooperativas con una portada hist\u00f3rica que refleja los valores y la fuerza del cooperativismo.\" \/>\n<meta name=\"robots\" content=\"index, follow, max-snippet:-1, max-image-preview:large, max-video-preview:-1\" \/>\n<link rel=\"canonical\" href=\"https:\/\/lotsdenadal.cat\/es\/ano-internacional-de-las-cooperativas\/\" \/>\n<meta property=\"og:locale\" content=\"es_ES\" \/>\n<meta property=\"og:type\" content=\"article\" \/>\n<meta property=\"og:title\" content=\"El valor de las Cooperativas: un siglo de historia\" \/>\n<meta property=\"og:description\" content=\"Celebramos el A\u00f1o Internacional de las Cooperativas con una portada hist\u00f3rica que refleja los valores y la fuerza del cooperativismo.\" \/>\n<meta property=\"og:url\" content=\"https:\/\/lotsdenadal.cat\/es\/ano-internacional-de-las-cooperativas\/\" \/>\n<meta property=\"og:site_name\" content=\"Lotes de Navidad\" \/>\n<meta property=\"article:publisher\" content=\"https:\/\/facebook.com\/harcogourmet\" \/>\n<meta property=\"article:published_time\" content=\"2025-09-18T12:15:47+00:00\" \/>\n<meta property=\"article:modified_time\" content=\"2025-09-18T12:17:41+00:00\" \/>\n<meta property=\"og:image\" content=\"https:\/\/lotsdenadal.cat\/wp-content\/uploads\/2025\/08\/Portada-cataleg-2025-b-1.jpg\" \/>\n\t<meta property=\"og:image:width\" content=\"1050\" \/>\n\t<meta property=\"og:image:height\" content=\"300\" \/>\n\t<meta property=\"og:image:type\" content=\"image\/jpeg\" \/>\n<meta name=\"author\" content=\"Equip d&#039;Harcogourmet\" \/>\n<meta name=\"twitter:card\" content=\"summary_large_image\" \/>\n<meta name=\"twitter:creator\" content=\"@harcogourmet\" \/>\n<meta name=\"twitter:site\" content=\"@harcogourmet\" \/>\n<meta name=\"twitter:label1\" content=\"Escrito por\" \/>\n\t<meta name=\"twitter:data1\" content=\"Equip d&#039;Harcogourmet\" \/>\n\t<meta name=\"twitter:label2\" content=\"Tiempo de lectura\" \/>\n\t<meta name=\"twitter:data2\" content=\"6 minutos\" \/>\n<script type=\"application\/ld+json\" class=\"yoast-schema-graph\">{\"@context\":\"https:\/\/schema.org\",\"@graph\":[{\"@type\":\"Article\",\"@id\":\"https:\/\/lotsdenadal.cat\/es\/ano-internacional-de-las-cooperativas\/#article\",\"isPartOf\":{\"@id\":\"https:\/\/lotsdenadal.cat\/es\/ano-internacional-de-las-cooperativas\/\"},\"author\":{\"name\":\"Equip d'Harcogourmet\",\"@id\":\"https:\/\/lotsdenadal.cat\/es\/#\/schema\/person\/7b669d90a836c1006f233013477b6ae1\"},\"headline\":\"El valor de las Cooperativas: un siglo de historia\",\"datePublished\":\"2025-09-18T12:15:47+00:00\",\"dateModified\":\"2025-09-18T12:17:41+00:00\",\"mainEntityOfPage\":{\"@id\":\"https:\/\/lotsdenadal.cat\/es\/ano-internacional-de-las-cooperativas\/\"},\"wordCount\":1108,\"commentCount\":0,\"publisher\":{\"@id\":\"https:\/\/lotsdenadal.cat\/es\/#organization\"},\"image\":{\"@id\":\"https:\/\/lotsdenadal.cat\/es\/ano-internacional-de-las-cooperativas\/#primaryimage\"},\"thumbnailUrl\":\"https:\/\/lotsdenadal.cat\/wp-content\/uploads\/2025\/08\/Portada-cataleg-2025-b-1.jpg\",\"keywords\":[\"cataleg\"],\"articleSection\":[\"El m\u00f3n dels Lots de Nadal\",\"Publicacions\"],\"inLanguage\":\"es\",\"potentialAction\":[{\"@type\":\"CommentAction\",\"name\":\"Comment\",\"target\":[\"https:\/\/lotsdenadal.cat\/es\/ano-internacional-de-las-cooperativas\/#respond\"]}]},{\"@type\":\"WebPage\",\"@id\":\"https:\/\/lotsdenadal.cat\/es\/ano-internacional-de-las-cooperativas\/\",\"url\":\"https:\/\/lotsdenadal.cat\/es\/ano-internacional-de-las-cooperativas\/\",\"name\":\"El valor de las Cooperativas: un siglo de historia | Lotes de Navidad\",\"isPartOf\":{\"@id\":\"https:\/\/lotsdenadal.cat\/es\/#website\"},\"primaryImageOfPage\":{\"@id\":\"https:\/\/lotsdenadal.cat\/es\/ano-internacional-de-las-cooperativas\/#primaryimage\"},\"image\":{\"@id\":\"https:\/\/lotsdenadal.cat\/es\/ano-internacional-de-las-cooperativas\/#primaryimage\"},\"thumbnailUrl\":\"https:\/\/lotsdenadal.cat\/wp-content\/uploads\/2025\/08\/Portada-cataleg-2025-b-1.jpg\",\"datePublished\":\"2025-09-18T12:15:47+00:00\",\"dateModified\":\"2025-09-18T12:17:41+00:00\",\"description\":\"Celebramos el A\u00f1o Internacional de las Cooperativas con una portada hist\u00f3rica que refleja los valores y la fuerza del cooperativismo.\",\"breadcrumb\":{\"@id\":\"https:\/\/lotsdenadal.cat\/es\/ano-internacional-de-las-cooperativas\/#breadcrumb\"},\"inLanguage\":\"es\",\"potentialAction\":[{\"@type\":\"ReadAction\",\"target\":[\"https:\/\/lotsdenadal.cat\/es\/ano-internacional-de-las-cooperativas\/\"]}]},{\"@type\":\"ImageObject\",\"inLanguage\":\"es\",\"@id\":\"https:\/\/lotsdenadal.cat\/es\/ano-internacional-de-las-cooperativas\/#primaryimage\",\"url\":\"https:\/\/lotsdenadal.cat\/wp-content\/uploads\/2025\/08\/Portada-cataleg-2025-b-1.jpg\",\"contentUrl\":\"https:\/\/lotsdenadal.cat\/wp-content\/uploads\/2025\/08\/Portada-cataleg-2025-b-1.jpg\",\"width\":1050,\"height\":300,\"caption\":\"A\u00f1o internacional de las Cooperativas, Cooperativas\"},{\"@type\":\"BreadcrumbList\",\"@id\":\"https:\/\/lotsdenadal.cat\/es\/ano-internacional-de-las-cooperativas\/#breadcrumb\",\"itemListElement\":[{\"@type\":\"ListItem\",\"position\":1,\"name\":\"Inicio\",\"item\":\"https:\/\/lotsdenadal.cat\/es\/\"},{\"@type\":\"ListItem\",\"position\":2,\"name\":\"El valor de las Cooperativas: un siglo de historia\"}]},{\"@type\":\"WebSite\",\"@id\":\"https:\/\/lotsdenadal.cat\/es\/#website\",\"url\":\"https:\/\/lotsdenadal.cat\/es\/\",\"name\":\"Lots de Nadal Harcogourmet\",\"description\":\"Lotes de Navidad con productos catalanes\",\"publisher\":{\"@id\":\"https:\/\/lotsdenadal.cat\/es\/#organization\"},\"alternateName\":\"LN Harcogourmet\",\"potentialAction\":[{\"@type\":\"SearchAction\",\"target\":{\"@type\":\"EntryPoint\",\"urlTemplate\":\"https:\/\/lotsdenadal.cat\/es\/?s={search_term_string}\"},\"query-input\":{\"@type\":\"PropertyValueSpecification\",\"valueRequired\":true,\"valueName\":\"search_term_string\"}}],\"inLanguage\":\"es\"},{\"@type\":\"Organization\",\"@id\":\"https:\/\/lotsdenadal.cat\/es\/#organization\",\"name\":\"Lotes de Navidad Harcogourmet\",\"alternateName\":\"Harcogourmet\",\"url\":\"https:\/\/lotsdenadal.cat\/es\/\",\"logo\":{\"@type\":\"ImageObject\",\"inLanguage\":\"es\",\"@id\":\"https:\/\/lotsdenadal.cat\/es\/#\/schema\/logo\/image\/\",\"url\":\"https:\/\/lotsdenadal.cat\/wp-content\/uploads\/2023\/06\/HG_negre.png\",\"contentUrl\":\"https:\/\/lotsdenadal.cat\/wp-content\/uploads\/2023\/06\/HG_negre.png\",\"width\":604,\"height\":108,\"caption\":\"Lotes de Navidad Harcogourmet\"},\"image\":{\"@id\":\"https:\/\/lotsdenadal.cat\/es\/#\/schema\/logo\/image\/\"},\"sameAs\":[\"https:\/\/facebook.com\/harcogourmet\",\"https:\/\/x.com\/harcogourmet\",\"https:\/\/instagram.com\/harcogourmet\",\"https:\/\/www.linkedin.com\/company\/3240347\/\",\"https:\/\/www.youtube.com\/channel\/UCoWNvGkEBJxGoCzwURxSrcQ\"]},{\"@type\":\"Person\",\"@id\":\"https:\/\/lotsdenadal.cat\/es\/#\/schema\/person\/7b669d90a836c1006f233013477b6ae1\",\"name\":\"Equip d'Harcogourmet\",\"sameAs\":[\"http:\/\/lotsdenadal.cat\"]}]}<\/script>\n<!-- \/ Yoast SEO Premium plugin. -->","yoast_head_json":{"title":"El valor de las Cooperativas: un siglo de historia | Lotes de Navidad","description":"Celebramos el A\u00f1o Internacional de las Cooperativas con una portada hist\u00f3rica que refleja los valores y la fuerza del cooperativismo.","robots":{"index":"index","follow":"follow","max-snippet":"max-snippet:-1","max-image-preview":"max-image-preview:large","max-video-preview":"max-video-preview:-1"},"canonical":"https:\/\/lotsdenadal.cat\/es\/ano-internacional-de-las-cooperativas\/","og_locale":"es_ES","og_type":"article","og_title":"El valor de las Cooperativas: un siglo de historia","og_description":"Celebramos el A\u00f1o Internacional de las Cooperativas con una portada hist\u00f3rica que refleja los valores y la fuerza del cooperativismo.","og_url":"https:\/\/lotsdenadal.cat\/es\/ano-internacional-de-las-cooperativas\/","og_site_name":"Lotes de Navidad","article_publisher":"https:\/\/facebook.com\/harcogourmet","article_published_time":"2025-09-18T12:15:47+00:00","article_modified_time":"2025-09-18T12:17:41+00:00","og_image":[{"width":1050,"height":300,"url":"https:\/\/lotsdenadal.cat\/wp-content\/uploads\/2025\/08\/Portada-cataleg-2025-b-1.jpg","type":"image\/jpeg"}],"author":"Equip d'Harcogourmet","twitter_card":"summary_large_image","twitter_creator":"@harcogourmet","twitter_site":"@harcogourmet","twitter_misc":{"Escrito por":"Equip d'Harcogourmet","Tiempo de lectura":"6 minutos"},"schema":{"@context":"https:\/\/schema.org","@graph":[{"@type":"Article","@id":"https:\/\/lotsdenadal.cat\/es\/ano-internacional-de-las-cooperativas\/#article","isPartOf":{"@id":"https:\/\/lotsdenadal.cat\/es\/ano-internacional-de-las-cooperativas\/"},"author":{"name":"Equip d'Harcogourmet","@id":"https:\/\/lotsdenadal.cat\/es\/#\/schema\/person\/7b669d90a836c1006f233013477b6ae1"},"headline":"El valor de las Cooperativas: un siglo de historia","datePublished":"2025-09-18T12:15:47+00:00","dateModified":"2025-09-18T12:17:41+00:00","mainEntityOfPage":{"@id":"https:\/\/lotsdenadal.cat\/es\/ano-internacional-de-las-cooperativas\/"},"wordCount":1108,"commentCount":0,"publisher":{"@id":"https:\/\/lotsdenadal.cat\/es\/#organization"},"image":{"@id":"https:\/\/lotsdenadal.cat\/es\/ano-internacional-de-las-cooperativas\/#primaryimage"},"thumbnailUrl":"https:\/\/lotsdenadal.cat\/wp-content\/uploads\/2025\/08\/Portada-cataleg-2025-b-1.jpg","keywords":["cataleg"],"articleSection":["El m\u00f3n dels Lots de Nadal","Publicacions"],"inLanguage":"es","potentialAction":[{"@type":"CommentAction","name":"Comment","target":["https:\/\/lotsdenadal.cat\/es\/ano-internacional-de-las-cooperativas\/#respond"]}]},{"@type":"WebPage","@id":"https:\/\/lotsdenadal.cat\/es\/ano-internacional-de-las-cooperativas\/","url":"https:\/\/lotsdenadal.cat\/es\/ano-internacional-de-las-cooperativas\/","name":"El valor de las Cooperativas: un siglo de historia | Lotes de Navidad","isPartOf":{"@id":"https:\/\/lotsdenadal.cat\/es\/#website"},"primaryImageOfPage":{"@id":"https:\/\/lotsdenadal.cat\/es\/ano-internacional-de-las-cooperativas\/#primaryimage"},"image":{"@id":"https:\/\/lotsdenadal.cat\/es\/ano-internacional-de-las-cooperativas\/#primaryimage"},"thumbnailUrl":"https:\/\/lotsdenadal.cat\/wp-content\/uploads\/2025\/08\/Portada-cataleg-2025-b-1.jpg","datePublished":"2025-09-18T12:15:47+00:00","dateModified":"2025-09-18T12:17:41+00:00","description":"Celebramos el A\u00f1o Internacional de las Cooperativas con una portada hist\u00f3rica que refleja los valores y la fuerza del cooperativismo.","breadcrumb":{"@id":"https:\/\/lotsdenadal.cat\/es\/ano-internacional-de-las-cooperativas\/#breadcrumb"},"inLanguage":"es","potentialAction":[{"@type":"ReadAction","target":["https:\/\/lotsdenadal.cat\/es\/ano-internacional-de-las-cooperativas\/"]}]},{"@type":"ImageObject","inLanguage":"es","@id":"https:\/\/lotsdenadal.cat\/es\/ano-internacional-de-las-cooperativas\/#primaryimage","url":"https:\/\/lotsdenadal.cat\/wp-content\/uploads\/2025\/08\/Portada-cataleg-2025-b-1.jpg","contentUrl":"https:\/\/lotsdenadal.cat\/wp-content\/uploads\/2025\/08\/Portada-cataleg-2025-b-1.jpg","width":1050,"height":300,"caption":"A\u00f1o internacional de las Cooperativas, Cooperativas"},{"@type":"BreadcrumbList","@id":"https:\/\/lotsdenadal.cat\/es\/ano-internacional-de-las-cooperativas\/#breadcrumb","itemListElement":[{"@type":"ListItem","position":1,"name":"Inicio","item":"https:\/\/lotsdenadal.cat\/es\/"},{"@type":"ListItem","position":2,"name":"El valor de las Cooperativas: un siglo de historia"}]},{"@type":"WebSite","@id":"https:\/\/lotsdenadal.cat\/es\/#website","url":"https:\/\/lotsdenadal.cat\/es\/","name":"Lots de Nadal Harcogourmet","description":"Lotes de Navidad con productos catalanes","publisher":{"@id":"https:\/\/lotsdenadal.cat\/es\/#organization"},"alternateName":"LN Harcogourmet","potentialAction":[{"@type":"SearchAction","target":{"@type":"EntryPoint","urlTemplate":"https:\/\/lotsdenadal.cat\/es\/?s={search_term_string}"},"query-input":{"@type":"PropertyValueSpecification","valueRequired":true,"valueName":"search_term_string"}}],"inLanguage":"es"},{"@type":"Organization","@id":"https:\/\/lotsdenadal.cat\/es\/#organization","name":"Lotes de Navidad Harcogourmet","alternateName":"Harcogourmet","url":"https:\/\/lotsdenadal.cat\/es\/","logo":{"@type":"ImageObject","inLanguage":"es","@id":"https:\/\/lotsdenadal.cat\/es\/#\/schema\/logo\/image\/","url":"https:\/\/lotsdenadal.cat\/wp-content\/uploads\/2023\/06\/HG_negre.png","contentUrl":"https:\/\/lotsdenadal.cat\/wp-content\/uploads\/2023\/06\/HG_negre.png","width":604,"height":108,"caption":"Lotes de Navidad Harcogourmet"},"image":{"@id":"https:\/\/lotsdenadal.cat\/es\/#\/schema\/logo\/image\/"},"sameAs":["https:\/\/facebook.com\/harcogourmet","https:\/\/x.com\/harcogourmet","https:\/\/instagram.com\/harcogourmet","https:\/\/www.linkedin.com\/company\/3240347\/","https:\/\/www.youtube.com\/channel\/UCoWNvGkEBJxGoCzwURxSrcQ"]},{"@type":"Person","@id":"https:\/\/lotsdenadal.cat\/es\/#\/schema\/person\/7b669d90a836c1006f233013477b6ae1","name":"Equip d'Harcogourmet","sameAs":["http:\/\/lotsdenadal.cat"]}]}},"_links":{"self":[{"href":"https:\/\/lotsdenadal.cat\/es\/wp-json\/wp\/v2\/posts\/5007077","targetHints":{"allow":["GET"]}}],"collection":[{"href":"https:\/\/lotsdenadal.cat\/es\/wp-json\/wp\/v2\/posts"}],"about":[{"href":"https:\/\/lotsdenadal.cat\/es\/wp-json\/wp\/v2\/types\/post"}],"author":[{"embeddable":true,"href":"https:\/\/lotsdenadal.cat\/es\/wp-json\/wp\/v2\/users\/1"}],"replies":[{"embeddable":true,"href":"https:\/\/lotsdenadal.cat\/es\/wp-json\/wp\/v2\/comments?post=5007077"}],"version-history":[{"count":0,"href":"https:\/\/lotsdenadal.cat\/es\/wp-json\/wp\/v2\/posts\/5007077\/revisions"}],"wp:featuredmedia":[{"embeddable":true,"href":"https:\/\/lotsdenadal.cat\/es\/wp-json\/wp\/v2\/media\/5007055"}],"wp:attachment":[{"href":"https:\/\/lotsdenadal.cat\/es\/wp-json\/wp\/v2\/media?parent=5007077"}],"wp:term":[{"taxonomy":"category","embeddable":true,"href":"https:\/\/lotsdenadal.cat\/es\/wp-json\/wp\/v2\/categories?post=5007077"},{"taxonomy":"post_tag","embeddable":true,"href":"https:\/\/lotsdenadal.cat\/es\/wp-json\/wp\/v2\/tags?post=5007077"}],"curies":[{"name":"wp","href":"https:\/\/api.w.org\/{rel}","templated":true}]}}